{"id":2930,"date":"2023-04-27T14:24:04","date_gmt":"2023-04-27T20:24:04","guid":{"rendered":"https:\/\/www.prodexcr.com\/en\/?p=2930"},"modified":"2023-04-27T14:24:05","modified_gmt":"2023-04-27T20:24:05","slug":"el-confort-termico-un-pilar-para-prodex","status":"publish","type":"post","link":"https:\/\/www.prodexcr.com\/en\/el-confort-termico-un-pilar-para-prodex\/","title":{"rendered":"El Confort T\u00e9rmico, un pilar para PRODEX"},"content":{"rendered":"<div class=\"wp-block-image\">\n<figure class=\"aligncenter size-full\"><img loading=\"lazy\" decoding=\"async\" width=\"1080\" height=\"796\" src=\"https:\/\/www.prodexcr.com\/wp-content\/uploads\/2023\/04\/Titulares-Confort-Termico-02.png\" alt=\"\" class=\"wp-image-2931\" srcset=\"https:\/\/www.prodexcr.com\/wp-content\/uploads\/2023\/04\/Titulares-Confort-Termico-02.png 1080w, https:\/\/www.prodexcr.com\/wp-content\/uploads\/2023\/04\/Titulares-Confort-Termico-02-768x566.png 768w, https:\/\/www.prodexcr.com\/wp-content\/uploads\/2023\/04\/Titulares-Confort-Termico-02-600x442.png 600w\" sizes=\"auto, (max-width: 1080px) 100vw, 1080px\" \/><\/figure><\/div>\n\n\n<div style=\"height:30px\" aria-hidden=\"true\" class=\"wp-block-spacer\"><\/div>\n\n\n\n<p>La industria de la construcci\u00f3n consiste en una serie de elementos importantes para desarrollar un proyecto espec\u00edfico. La arquitectura de la casa o edificio es igual de relevante que la calidad del ambiente en el interior de la estructura. El confort t\u00e9rmico es protagonista en todos los casos que involucran las soluciones PRODEX, por lo que se introducen normas y regulaciones que aseguran la ejecuci\u00f3n ideal de este factor esencial a lo largo de un proyecto espec\u00edfico. La comodidad y el balance de la temperatura en el ambiente en el interior del proyecto son dos de los factores que caracterizan el confort t\u00e9rmico.<\/p>\n\n\n\n<p>El confort t\u00e9rmico busca regular y manejar la temperatura, la humedad y la calidad del aire en la casa o edificio. Para apoyar este objetivo, se involucre la norma ASHRAE (American Society of Heating Refrigerating and Air Conditioning Engineers) como parte del proceso. Esta regulaci\u00f3n cumple el rol de gu\u00eda para optimizar el ambiente del espacio habitacional, as\u00ed como promover pr\u00e1cticas sostenibles en la industria.<\/p>\n\n\n\n<p>La norma ASHRAE promueve una serie de objetivos clave para PRODEX como empresa<\/p>\n\n\n\n<p>l\u00edder en el mercado:<\/p>\n\n\n\n<ul class=\"wp-block-list\">\n<li>Establece condiciones t\u00e9rmicas \u00f3ptimas para el interior del proyecto.<\/li>\n\n\n\n<li>Promueve la calidad de vida para los ocupantes de la casa o edificio.<\/li>\n\n\n\n<li>Toma en cuenta m\u00e9todos para mantener el confort t\u00e9rmico en construcciones<\/li>\n<\/ul>\n\n\n\n<p>con ventilaci\u00f3n natural.<\/p>\n\n\n\n<ul class=\"wp-block-list\">\n<li>Optimizar el valor agregado de los productos de la empresa por medio del uso<\/li>\n<\/ul>\n\n\n\n<p>de este tipo de normas reconocidas a nivel internacional.<\/p>\n\n\n\n<p>PRODEX se apoya en la norma ASHRAE para medir la temperatura y el confort t\u00e9rmico de la casa u edificio de acuerdo con los par\u00e1metros establecidos. De acuerdo con la norma, el rango de temperatura que se considera en una zona de confort t\u00e9rmico va desde los 29 C grados como l\u00edmite superior, hasta los 22 C grados como l\u00edmite inferior. Al mantener estos rangos de temperatura, PRODEX puede asegurar la calidad del confort t\u00e9rmico a lo largo de un proyecto espec\u00edfico. La empresa tambi\u00e9n promueve su valor agregado al ofrecer evaluaciones y reportes de los proyectos incluyendo temas como los sistemas de climatizaci\u00f3n de la casa, la estructura arquitect\u00f3nica e incluso el clima del \u00e1rea previo a desarrollar el proyecto. Este tipo de normas internacionales son una pieza esencial en el momento de tomar decisiones con respecto a las soluciones PRODEX y el manejo eficiente del confort t\u00e9rmico como pilar caracter\u00edstico de la empresa en el mercado.<\/p>\n\n\n\n<p>\u2014<\/p>\n\n\n\n<p>Autor: Paola Luconi G.<\/p>\n","protected":false},"excerpt":{"rendered":"<p>La industria de la construcci\u00f3n consiste en una serie de elementos importantes para desarrollar un proyecto espec\u00edfico. La arquitectura de la casa o edificio es igual de relevante que la&#8230;<\/p>\n","protected":false},"author":1,"featured_media":0,"comment_status":"open","ping_status":"open","sticky":false,"template":"","format":"standard","meta":{"pagelayer_contact_templates":[],"_pagelayer_content":"","footnotes":""},"categories":[7,8],"tags":[],"class_list":["post-2930","post","type-post","status-publish","format-standard","hentry","category-noticias","category-uncategorized"],"yoast_head":"<!-- This site is optimized with the Yoast SEO plugin v25.6 - https:\/\/yoast.com\/wordpress\/plugins\/seo\/ -->\n<title>El Confort T\u00e9rmico, un pilar para PRODEX | Prodex<\/title>\n<meta name=\"robots\" content=\"index, follow, max-snippet:-1, max-image-preview:large, max-video-preview:-1\" \/>\n<link rel=\"canonical\" href=\"https:\/\/www.prodexcr.com\/en\/el-confort-termico-un-pilar-para-prodex\/\" \/>\n<meta property=\"og:locale\" content=\"en_US\" \/>\n<meta property=\"og:type\" content=\"article\" \/>\n<meta property=\"og:title\" content=\"El Confort T\u00e9rmico, un pilar para PRODEX | Prodex\" \/>\n<meta property=\"og:description\" content=\"La industria de la construcci\u00f3n consiste en una serie de elementos importantes para desarrollar un proyecto espec\u00edfico. La arquitectura de la casa o edificio es igual de relevante que la...\" \/>\n<meta property=\"og:url\" content=\"https:\/\/www.prodexcr.com\/en\/el-confort-termico-un-pilar-para-prodex\/\" \/>\n<meta property=\"og:site_name\" content=\"Prodex\" \/>\n<meta property=\"article:publisher\" content=\"https:\/\/www.facebook.com\/ProdexCostaRica\" \/>\n<meta property=\"article:published_time\" content=\"2023-04-27T20:24:04+00:00\" \/>\n<meta property=\"article:modified_time\" content=\"2023-04-27T20:24:05+00:00\" \/>\n<meta property=\"og:image\" content=\"https:\/\/www.prodexcr.com\/wp-content\/uploads\/2023\/04\/Titulares-Confort-Termico-02.png\" \/>\n<meta name=\"author\" content=\"Prodex\" \/>\n<meta name=\"twitter:card\" content=\"summary_large_image\" \/>\n<meta name=\"twitter:label1\" content=\"Written by\" \/>\n\t<meta name=\"twitter:data1\" content=\"Prodex\" \/>\n\t<meta name=\"twitter:label2\" content=\"Est. reading time\" \/>\n\t<meta name=\"twitter:data2\" content=\"2 minutes\" \/>\n<script type=\"application\/ld+json\" class=\"yoast-schema-graph\">{\"@context\":\"https:\/\/schema.org\",\"@graph\":[{\"@type\":\"Article\",\"@id\":\"https:\/\/www.prodexcr.com\/en\/el-confort-termico-un-pilar-para-prodex\/#article\",\"isPartOf\":{\"@id\":\"https:\/\/www.prodexcr.com\/en\/el-confort-termico-un-pilar-para-prodex\/\"},\"author\":{\"name\":\"Prodex\",\"@id\":\"https:\/\/www.prodexcr.com\/#\/schema\/person\/3ebc0300938adcbac94d5dad6a9b1328\"},\"headline\":\"El Confort T\u00e9rmico, un pilar para PRODEX\",\"datePublished\":\"2023-04-27T20:24:04+00:00\",\"dateModified\":\"2023-04-27T20:24:05+00:00\",\"mainEntityOfPage\":{\"@id\":\"https:\/\/www.prodexcr.com\/en\/el-confort-termico-un-pilar-para-prodex\/\"},\"wordCount\":439,\"commentCount\":0,\"publisher\":{\"@id\":\"https:\/\/www.prodexcr.com\/#organization\"},\"image\":{\"@id\":\"https:\/\/www.prodexcr.com\/en\/el-confort-termico-un-pilar-para-prodex\/#primaryimage\"},\"thumbnailUrl\":\"https:\/\/www.prodexcr.com\/wp-content\/uploads\/2023\/04\/Titulares-Confort-Termico-02.png\",\"articleSection\":[\"Noticias\"],\"inLanguage\":\"en-US\",\"potentialAction\":[{\"@type\":\"CommentAction\",\"name\":\"Comment\",\"target\":[\"https:\/\/www.prodexcr.com\/en\/el-confort-termico-un-pilar-para-prodex\/#respond\"]}]},{\"@type\":\"WebPage\",\"@id\":\"https:\/\/www.prodexcr.com\/en\/el-confort-termico-un-pilar-para-prodex\/\",\"url\":\"https:\/\/www.prodexcr.com\/en\/el-confort-termico-un-pilar-para-prodex\/\",\"name\":\"El Confort T\u00e9rmico, un pilar para PRODEX | Prodex\",\"isPartOf\":{\"@id\":\"https:\/\/www.prodexcr.com\/#website\"},\"primaryImageOfPage\":{\"@id\":\"https:\/\/www.prodexcr.com\/en\/el-confort-termico-un-pilar-para-prodex\/#primaryimage\"},\"image\":{\"@id\":\"https:\/\/www.prodexcr.com\/en\/el-confort-termico-un-pilar-para-prodex\/#primaryimage\"},\"thumbnailUrl\":\"https:\/\/www.prodexcr.com\/wp-content\/uploads\/2023\/04\/Titulares-Confort-Termico-02.png\",\"datePublished\":\"2023-04-27T20:24:04+00:00\",\"dateModified\":\"2023-04-27T20:24:05+00:00\",\"breadcrumb\":{\"@id\":\"https:\/\/www.prodexcr.com\/en\/el-confort-termico-un-pilar-para-prodex\/#breadcrumb\"},\"inLanguage\":\"en-US\",\"potentialAction\":[{\"@type\":\"ReadAction\",\"target\":[\"https:\/\/www.prodexcr.com\/en\/el-confort-termico-un-pilar-para-prodex\/\"]}]},{\"@type\":\"ImageObject\",\"inLanguage\":\"en-US\",\"@id\":\"https:\/\/www.prodexcr.com\/en\/el-confort-termico-un-pilar-para-prodex\/#primaryimage\",\"url\":\"https:\/\/www.prodexcr.com\/wp-content\/uploads\/2023\/04\/Titulares-Confort-Termico-02.png\",\"contentUrl\":\"https:\/\/www.prodexcr.com\/wp-content\/uploads\/2023\/04\/Titulares-Confort-Termico-02.png\"},{\"@type\":\"BreadcrumbList\",\"@id\":\"https:\/\/www.prodexcr.com\/en\/el-confort-termico-un-pilar-para-prodex\/#breadcrumb\",\"itemListElement\":[{\"@type\":\"ListItem\",\"position\":1,\"name\":\"Portada\",\"item\":\"https:\/\/www.prodexcr.com\/en\/\"},{\"@type\":\"ListItem\",\"position\":2,\"name\":\"El Confort T\u00e9rmico, un pilar para PRODEX\"}]},{\"@type\":\"WebSite\",\"@id\":\"https:\/\/www.prodexcr.com\/#website\",\"url\":\"https:\/\/www.prodexcr.com\/\",\"name\":\"Prodex\",\"description\":\"\",\"publisher\":{\"@id\":\"https:\/\/www.prodexcr.com\/#organization\"},\"potentialAction\":[{\"@type\":\"SearchAction\",\"target\":{\"@type\":\"EntryPoint\",\"urlTemplate\":\"https:\/\/www.prodexcr.com\/?s={search_term_string}\"},\"query-input\":{\"@type\":\"PropertyValueSpecification\",\"valueRequired\":true,\"valueName\":\"search_term_string\"}}],\"inLanguage\":\"en-US\"},{\"@type\":\"Organization\",\"@id\":\"https:\/\/www.prodexcr.com\/#organization\",\"name\":\"Prodex\",\"url\":\"https:\/\/www.prodexcr.com\/\",\"logo\":{\"@type\":\"ImageObject\",\"inLanguage\":\"en-US\",\"@id\":\"https:\/\/www.prodexcr.com\/#\/schema\/logo\/image\/\",\"url\":\"https:\/\/www.prodexcr.com\/wp-content\/uploads\/2015\/12\/logo.png\",\"contentUrl\":\"https:\/\/www.prodexcr.com\/wp-content\/uploads\/2015\/12\/logo.png\",\"width\":275,\"height\":85,\"caption\":\"Prodex\"},\"image\":{\"@id\":\"https:\/\/www.prodexcr.com\/#\/schema\/logo\/image\/\"},\"sameAs\":[\"https:\/\/www.facebook.com\/ProdexCostaRica\",\"https:\/\/www.youtube.com\/user\/Prodexinfo\"]},{\"@type\":\"Person\",\"@id\":\"https:\/\/www.prodexcr.com\/#\/schema\/person\/3ebc0300938adcbac94d5dad6a9b1328\",\"name\":\"Prodex\",\"image\":{\"@type\":\"ImageObject\",\"inLanguage\":\"en-US\",\"@id\":\"https:\/\/www.prodexcr.com\/#\/schema\/person\/image\/\",\"url\":\"https:\/\/secure.gravatar.com\/avatar\/9fbd513c78210dfad969c16c819a005e234f2a4d8114a6c02e8b36acfd153d6c?s=96&d=mm&r=g\",\"contentUrl\":\"https:\/\/secure.gravatar.com\/avatar\/9fbd513c78210dfad969c16c819a005e234f2a4d8114a6c02e8b36acfd153d6c?s=96&d=mm&r=g\",\"caption\":\"Prodex\"}}]}<\/script>\n<!-- \/ Yoast SEO plugin. -->","yoast_head_json":{"title":"El Confort T\u00e9rmico, un pilar para PRODEX | Prodex","robots":{"index":"index","follow":"follow","max-snippet":"max-snippet:-1","max-image-preview":"max-image-preview:large","max-video-preview":"max-video-preview:-1"},"canonical":"https:\/\/www.prodexcr.com\/en\/el-confort-termico-un-pilar-para-prodex\/","og_locale":"en_US","og_type":"article","og_title":"El Confort T\u00e9rmico, un pilar para PRODEX | Prodex","og_description":"La industria de la construcci\u00f3n consiste en una serie de elementos importantes para desarrollar un proyecto espec\u00edfico. La arquitectura de la casa o edificio es igual de relevante que la...","og_url":"https:\/\/www.prodexcr.com\/en\/el-confort-termico-un-pilar-para-prodex\/","og_site_name":"Prodex","article_publisher":"https:\/\/www.facebook.com\/ProdexCostaRica","article_published_time":"2023-04-27T20:24:04+00:00","article_modified_time":"2023-04-27T20:24:05+00:00","og_image":[{"url":"https:\/\/www.prodexcr.com\/wp-content\/uploads\/2023\/04\/Titulares-Confort-Termico-02.png","type":"","width":"","height":""}],"author":"Prodex","twitter_card":"summary_large_image","twitter_misc":{"Written by":"Prodex","Est. reading time":"2 minutes"},"schema":{"@context":"https:\/\/schema.org","@graph":[{"@type":"Article","@id":"https:\/\/www.prodexcr.com\/en\/el-confort-termico-un-pilar-para-prodex\/#article","isPartOf":{"@id":"https:\/\/www.prodexcr.com\/en\/el-confort-termico-un-pilar-para-prodex\/"},"author":{"name":"Prodex","@id":"https:\/\/www.prodexcr.com\/#\/schema\/person\/3ebc0300938adcbac94d5dad6a9b1328"},"headline":"El Confort T\u00e9rmico, un pilar para PRODEX","datePublished":"2023-04-27T20:24:04+00:00","dateModified":"2023-04-27T20:24:05+00:00","mainEntityOfPage":{"@id":"https:\/\/www.prodexcr.com\/en\/el-confort-termico-un-pilar-para-prodex\/"},"wordCount":439,"commentCount":0,"publisher":{"@id":"https:\/\/www.prodexcr.com\/#organization"},"image":{"@id":"https:\/\/www.prodexcr.com\/en\/el-confort-termico-un-pilar-para-prodex\/#primaryimage"},"thumbnailUrl":"https:\/\/www.prodexcr.com\/wp-content\/uploads\/2023\/04\/Titulares-Confort-Termico-02.png","articleSection":["Noticias"],"inLanguage":"en-US","potentialAction":[{"@type":"CommentAction","name":"Comment","target":["https:\/\/www.prodexcr.com\/en\/el-confort-termico-un-pilar-para-prodex\/#respond"]}]},{"@type":"WebPage","@id":"https:\/\/www.prodexcr.com\/en\/el-confort-termico-un-pilar-para-prodex\/","url":"https:\/\/www.prodexcr.com\/en\/el-confort-termico-un-pilar-para-prodex\/","name":"El Confort T\u00e9rmico, un pilar para PRODEX | Prodex","isPartOf":{"@id":"https:\/\/www.prodexcr.com\/#website"},"primaryImageOfPage":{"@id":"https:\/\/www.prodexcr.com\/en\/el-confort-termico-un-pilar-para-prodex\/#primaryimage"},"image":{"@id":"https:\/\/www.prodexcr.com\/en\/el-confort-termico-un-pilar-para-prodex\/#primaryimage"},"thumbnailUrl":"https:\/\/www.prodexcr.com\/wp-content\/uploads\/2023\/04\/Titulares-Confort-Termico-02.png","datePublished":"2023-04-27T20:24:04+00:00","dateModified":"2023-04-27T20:24:05+00:00","breadcrumb":{"@id":"https:\/\/www.prodexcr.com\/en\/el-confort-termico-un-pilar-para-prodex\/#breadcrumb"},"inLanguage":"en-US","potentialAction":[{"@type":"ReadAction","target":["https:\/\/www.prodexcr.com\/en\/el-confort-termico-un-pilar-para-prodex\/"]}]},{"@type":"ImageObject","inLanguage":"en-US","@id":"https:\/\/www.prodexcr.com\/en\/el-confort-termico-un-pilar-para-prodex\/#primaryimage","url":"https:\/\/www.prodexcr.com\/wp-content\/uploads\/2023\/04\/Titulares-Confort-Termico-02.png","contentUrl":"https:\/\/www.prodexcr.com\/wp-content\/uploads\/2023\/04\/Titulares-Confort-Termico-02.png"},{"@type":"BreadcrumbList","@id":"https:\/\/www.prodexcr.com\/en\/el-confort-termico-un-pilar-para-prodex\/#breadcrumb","itemListElement":[{"@type":"ListItem","position":1,"name":"Portada","item":"https:\/\/www.prodexcr.com\/en\/"},{"@type":"ListItem","position":2,"name":"El Confort T\u00e9rmico, un pilar para PRODEX"}]},{"@type":"WebSite","@id":"https:\/\/www.prodexcr.com\/#website","url":"https:\/\/www.prodexcr.com\/","name":"Prodex","description":"","publisher":{"@id":"https:\/\/www.prodexcr.com\/#organization"},"potentialAction":[{"@type":"SearchAction","target":{"@type":"EntryPoint","urlTemplate":"https:\/\/www.prodexcr.com\/?s={search_term_string}"},"query-input":{"@type":"PropertyValueSpecification","valueRequired":true,"valueName":"search_term_string"}}],"inLanguage":"en-US"},{"@type":"Organization","@id":"https:\/\/www.prodexcr.com\/#organization","name":"Prodex","url":"https:\/\/www.prodexcr.com\/","logo":{"@type":"ImageObject","inLanguage":"en-US","@id":"https:\/\/www.prodexcr.com\/#\/schema\/logo\/image\/","url":"https:\/\/www.prodexcr.com\/wp-content\/uploads\/2015\/12\/logo.png","contentUrl":"https:\/\/www.prodexcr.com\/wp-content\/uploads\/2015\/12\/logo.png","width":275,"height":85,"caption":"Prodex"},"image":{"@id":"https:\/\/www.prodexcr.com\/#\/schema\/logo\/image\/"},"sameAs":["https:\/\/www.facebook.com\/ProdexCostaRica","https:\/\/www.youtube.com\/user\/Prodexinfo"]},{"@type":"Person","@id":"https:\/\/www.prodexcr.com\/#\/schema\/person\/3ebc0300938adcbac94d5dad6a9b1328","name":"Prodex","image":{"@type":"ImageObject","inLanguage":"en-US","@id":"https:\/\/www.prodexcr.com\/#\/schema\/person\/image\/","url":"https:\/\/secure.gravatar.com\/avatar\/9fbd513c78210dfad969c16c819a005e234f2a4d8114a6c02e8b36acfd153d6c?s=96&d=mm&r=g","contentUrl":"https:\/\/secure.gravatar.com\/avatar\/9fbd513c78210dfad969c16c819a005e234f2a4d8114a6c02e8b36acfd153d6c?s=96&d=mm&r=g","caption":"Prodex"}}]}},"_links":{"self":[{"href":"https:\/\/www.prodexcr.com\/en\/wp-json\/wp\/v2\/posts\/2930","targetHints":{"allow":["GET"]}}],"collection":[{"href":"https:\/\/www.prodexcr.com\/en\/wp-json\/wp\/v2\/posts"}],"about":[{"href":"https:\/\/www.prodexcr.com\/en\/wp-json\/wp\/v2\/types\/post"}],"author":[{"embeddable":true,"href":"https:\/\/www.prodexcr.com\/en\/wp-json\/wp\/v2\/users\/1"}],"replies":[{"embeddable":true,"href":"https:\/\/www.prodexcr.com\/en\/wp-json\/wp\/v2\/comments?post=2930"}],"version-history":[{"count":4,"href":"https:\/\/www.prodexcr.com\/en\/wp-json\/wp\/v2\/posts\/2930\/revisions"}],"predecessor-version":[{"id":2935,"href":"https:\/\/www.prodexcr.com\/en\/wp-json\/wp\/v2\/posts\/2930\/revisions\/2935"}],"wp:attachment":[{"href":"https:\/\/www.prodexcr.com\/en\/wp-json\/wp\/v2\/media?parent=2930"}],"wp:term":[{"taxonomy":"category","embeddable":true,"href":"https:\/\/www.prodexcr.com\/en\/wp-json\/wp\/v2\/categories?post=2930"},{"taxonomy":"post_tag","embeddable":true,"href":"https:\/\/www.prodexcr.com\/en\/wp-json\/wp\/v2\/tags?post=2930"}],"curies":[{"name":"wp","href":"https:\/\/api.w.org\/{rel}","templated":true}]}}